{"@context":"https:\/\/schema.org\/","@type":"CollectionPage","@id":"https:\/\/www.smein.sk\/dom-a-zahrada\/#CollectionPage","headline":"Dom a z\u00e1hrada Category","description":"","url":"https:\/\/www.smein.sk\/dom-a-zahrada\/","hasPart":[{"@type":"Article","@id":"https:\/\/www.smein.sk\/vydajnik-vody-bez-barelov-moderne-riesenie-pre-zdravu-hydrataciu\/","headline":"V\u00fddajn\u00edk vody bez barelov: Modern\u00e9 rie\u0161enie pre zdrav\u00fa hydrat\u00e1ciu","url":"https:\/\/www.smein.sk\/vydajnik-vody-bez-barelov-moderne-riesenie-pre-zdravu-hydrataciu\/","datePublished":"2025-07-08","dateModified":"2025-07-08","mainEntityOfPage":"https:\/\/www.smein.sk\/vydajnik-vody-bez-barelov-moderne-riesenie-pre-zdravu-hydrataciu\/","author":{"@type":"Person","@id":"https:\/\/www.smein.sk\/author\/#Person","name":"","url":"https:\/\/www.smein.sk\/author\/","identifier":1,"image":{"@type":"ImageObject","@id":"https:\/\/secure.gravatar.com\/avatar\/16435f0a6c9262449b9ebb39f63178cd65c54b09f931b6f84682f48086e3d763?s=96&d=mm&r=g","url":"https:\/\/secure.gravatar.com\/avatar\/16435f0a6c9262449b9ebb39f63178cd65c54b09f931b6f84682f48086e3d763?s=96&d=mm&r=g","height":96,"width":96}},"publisher":{"@type":"Organization","name":"smein.sk","logo":{"@type":"ImageObject","@id":"\/logo.png","url":"\/logo.png","width":600,"height":60}},"image":{"@type":"ImageObject","@id":"https:\/\/www.smein.sk\/wp-content\/uploads\/vydejnik_urAYOM.png","url":"https:\/\/www.smein.sk\/wp-content\/uploads\/vydejnik_urAYOM.png","height":0,"width":0},"keywords":null},{"@type":"Article","@id":"https:\/\/www.smein.sk\/ako-prevadzkovat-klimatizaciu-bezpecne-a-bez-zdravotnych-rizik\/","headline":"Ako prev\u00e1dzkova\u0165 klimatiz\u00e1ciu bezpe\u010dne a bez zdravotn\u00fdch riz\u00edk","url":"https:\/\/www.smein.sk\/ako-prevadzkovat-klimatizaciu-bezpecne-a-bez-zdravotnych-rizik\/","datePublished":"2024-09-27","dateModified":"2024-09-27","mainEntityOfPage":"https:\/\/www.smein.sk\/ako-prevadzkovat-klimatizaciu-bezpecne-a-bez-zdravotnych-rizik\/","author":{"@type":"Person","@id":"https:\/\/www.smein.sk\/author\/#Person","name":"","url":"https:\/\/www.smein.sk\/author\/","identifier":1,"image":{"@type":"ImageObject","@id":"https:\/\/secure.gravatar.com\/avatar\/16435f0a6c9262449b9ebb39f63178cd65c54b09f931b6f84682f48086e3d763?s=96&d=mm&r=g","url":"https:\/\/secure.gravatar.com\/avatar\/16435f0a6c9262449b9ebb39f63178cd65c54b09f931b6f84682f48086e3d763?s=96&d=mm&r=g","height":96,"width":96}},"publisher":{"@type":"Organization","name":"smein.sk","logo":{"@type":"ImageObject","@id":"\/logo.png","url":"\/logo.png","width":600,"height":60}},"image":{"@type":"ImageObject","@id":"https:\/\/www.smein.sk\/wp-content\/uploads\/klimatizacni_jednotka_UEDeg0.jpg","url":"https:\/\/www.smein.sk\/wp-content\/uploads\/klimatizacni_jednotka_UEDeg0.jpg","height":0,"width":0},"keywords":null},{"@type":"Article","@id":"https:\/\/www.smein.sk\/zima-nieje-vyhovorka\/","headline":"Zima nieje v\u00fdhovorka","url":"https:\/\/www.smein.sk\/zima-nieje-vyhovorka\/","datePublished":"2019-12-12","dateModified":"2023-04-28","mainEntityOfPage":"https:\/\/www.smein.sk\/zima-nieje-vyhovorka\/","author":{"@type":"Person","@id":"https:\/\/www.smein.sk\/author\/#Person","name":"","url":"https:\/\/www.smein.sk\/author\/","identifier":1,"image":{"@type":"ImageObject","@id":"https:\/\/secure.gravatar.com\/avatar\/16435f0a6c9262449b9ebb39f63178cd65c54b09f931b6f84682f48086e3d763?s=96&d=mm&r=g","url":"https:\/\/secure.gravatar.com\/avatar\/16435f0a6c9262449b9ebb39f63178cd65c54b09f931b6f84682f48086e3d763?s=96&d=mm&r=g","height":96,"width":96}},"publisher":{"@type":"Organization","name":"smein.sk","logo":{"@type":"ImageObject","@id":"\/logo.png","url":"\/logo.png","width":600,"height":60}},"image":{"@type":"ImageObject","@id":"https:\/\/www.smein.sk\/wp-content\/uploads\/img_a309064_w16782_t1577627316.jpg","url":"https:\/\/www.smein.sk\/wp-content\/uploads\/img_a309064_w16782_t1577627316.jpg","height":0,"width":0},"keywords":null},{"@type":"Article","@id":"https:\/\/www.smein.sk\/preco-mat-dom-so-zahradou\/","headline":"Pre\u010do ma\u0165 dom so z\u00e1hradou?","url":"https:\/\/www.smein.sk\/preco-mat-dom-so-zahradou\/","datePublished":"2019-11-11","dateModified":"2023-04-28","mainEntityOfPage":"https:\/\/www.smein.sk\/preco-mat-dom-so-zahradou\/","author":{"@type":"Person","@id":"https:\/\/www.smein.sk\/author\/#Person","name":"","url":"https:\/\/www.smein.sk\/author\/","identifier":1,"image":{"@type":"ImageObject","@id":"https:\/\/secure.gravatar.com\/avatar\/16435f0a6c9262449b9ebb39f63178cd65c54b09f931b6f84682f48086e3d763?s=96&d=mm&r=g","url":"https:\/\/secure.gravatar.com\/avatar\/16435f0a6c9262449b9ebb39f63178cd65c54b09f931b6f84682f48086e3d763?s=96&d=mm&r=g","height":96,"width":96}},"publisher":{"@type":"Organization","name":"smein.sk","logo":{"@type":"ImageObject","@id":"\/logo.png","url":"\/logo.png","width":600,"height":60}},"image":{"@type":"ImageObject","@id":"https:\/\/www.smein.sk\/wp-content\/uploads\/img_a303597_w16736_t1564171104.jpg","url":"https:\/\/www.smein.sk\/wp-content\/uploads\/img_a303597_w16736_t1564171104.jpg","height":0,"width":0},"keywords":null},{"@type":"Article","@id":"https:\/\/www.smein.sk\/ako-zateplit-mobilny-dom\/","headline":"Ako zatepli\u0165 mobiln\u00fd dom","url":"https:\/\/www.smein.sk\/ako-zateplit-mobilny-dom\/","datePublished":"2019-06-13","dateModified":"2023-04-28","mainEntityOfPage":"https:\/\/www.smein.sk\/ako-zateplit-mobilny-dom\/","author":{"@type":"Person","@id":"https:\/\/www.smein.sk\/author\/#Person","name":"","url":"https:\/\/www.smein.sk\/author\/","identifier":1,"image":{"@type":"ImageObject","@id":"https:\/\/secure.gravatar.com\/avatar\/16435f0a6c9262449b9ebb39f63178cd65c54b09f931b6f84682f48086e3d763?s=96&d=mm&r=g","url":"https:\/\/secure.gravatar.com\/avatar\/16435f0a6c9262449b9ebb39f63178cd65c54b09f931b6f84682f48086e3d763?s=96&d=mm&r=g","height":96,"width":96}},"publisher":{"@type":"Organization","name":"smein.sk","logo":{"@type":"ImageObject","@id":"\/logo.png","url":"\/logo.png","width":600,"height":60}},"image":{"@type":"ImageObject","@id":"https:\/\/www.smein.sk\/wp-content\/uploads\/img_a305990_w16684_t1568196495.jpg","url":"https:\/\/www.smein.sk\/wp-content\/uploads\/img_a305990_w16684_t1568196495.jpg","height":0,"width":0},"keywords":null},{"@type":"Article","@id":"https:\/\/www.smein.sk\/hlodavce-utocia-nenechajte-ich-znicit-vam-auto\/","headline":"Hlodavce \u00fato\u010dia! Nenechajte ich zni\u010di\u0165 v\u00e1m auto!","url":"https:\/\/www.smein.sk\/hlodavce-utocia-nenechajte-ich-znicit-vam-auto\/","datePublished":"2019-01-27","dateModified":"2023-04-28","mainEntityOfPage":"https:\/\/www.smein.sk\/hlodavce-utocia-nenechajte-ich-znicit-vam-auto\/","author":{"@type":"Person","@id":"https:\/\/www.smein.sk\/author\/#Person","name":"","url":"https:\/\/www.smein.sk\/author\/","identifier":1,"image":{"@type":"ImageObject","@id":"https:\/\/secure.gravatar.com\/avatar\/16435f0a6c9262449b9ebb39f63178cd65c54b09f931b6f84682f48086e3d763?s=96&d=mm&r=g","url":"https:\/\/secure.gravatar.com\/avatar\/16435f0a6c9262449b9ebb39f63178cd65c54b09f931b6f84682f48086e3d763?s=96&d=mm&r=g","height":96,"width":96}},"publisher":{"@type":"Organization","name":"smein.sk","logo":{"@type":"ImageObject","@id":"\/logo.png","url":"\/logo.png","width":600,"height":60}},"image":{"@type":"ImageObject","@id":"https:\/\/www.smein.sk\/wp-content\/uploads\/img_a298658_w16671_t1553703480.jpg","url":"https:\/\/www.smein.sk\/wp-content\/uploads\/img_a298658_w16671_t1553703480.jpg","height":0,"width":0},"keywords":null},{"@type":"Article","@id":"https:\/\/www.smein.sk\/vo-dvojici-sa-to-taha-lahsie\/","headline":"Vo dvojici sa to \u0165ah\u00e1 \u013eah\u0161ie","url":"https:\/\/www.smein.sk\/vo-dvojici-sa-to-taha-lahsie\/","datePublished":"2018-12-06","dateModified":"2023-04-28","mainEntityOfPage":"https:\/\/www.smein.sk\/vo-dvojici-sa-to-taha-lahsie\/","author":{"@type":"Person","@id":"https:\/\/www.smein.sk\/author\/#Person","name":"","url":"https:\/\/www.smein.sk\/author\/","identifier":1,"image":{"@type":"ImageObject","@id":"https:\/\/secure.gravatar.com\/avatar\/16435f0a6c9262449b9ebb39f63178cd65c54b09f931b6f84682f48086e3d763?s=96&d=mm&r=g","url":"https:\/\/secure.gravatar.com\/avatar\/16435f0a6c9262449b9ebb39f63178cd65c54b09f931b6f84682f48086e3d763?s=96&d=mm&r=g","height":96,"width":96}},"publisher":{"@type":"Organization","name":"smein.sk","logo":{"@type":"ImageObject","@id":"\/logo.png","url":"\/logo.png","width":600,"height":60}},"image":{"@type":"ImageObject","@id":"https:\/\/www.smein.sk\/wp-content\/uploads\/img_a296518_w16683_t1549476740.jpg","url":"https:\/\/www.smein.sk\/wp-content\/uploads\/img_a296518_w16683_t1549476740.jpg","height":0,"width":0},"keywords":null},{"@type":"Article","@id":"https:\/\/www.smein.sk\/investujeme-do-posobivo-vyzerajuceho-schodiska\/","headline":"Investujeme do p\u00f4sobivo vyzeraj\u00faceho schodiska?","url":"https:\/\/www.smein.sk\/investujeme-do-posobivo-vyzerajuceho-schodiska\/","datePublished":"2018-12-05","dateModified":"2023-04-28","mainEntityOfPage":"https:\/\/www.smein.sk\/investujeme-do-posobivo-vyzerajuceho-schodiska\/","author":{"@type":"Person","@id":"https:\/\/www.smein.sk\/author\/#Person","name":"","url":"https:\/\/www.smein.sk\/author\/","identifier":1,"image":{"@type":"ImageObject","@id":"https:\/\/secure.gravatar.com\/avatar\/16435f0a6c9262449b9ebb39f63178cd65c54b09f931b6f84682f48086e3d763?s=96&d=mm&r=g","url":"https:\/\/secure.gravatar.com\/avatar\/16435f0a6c9262449b9ebb39f63178cd65c54b09f931b6f84682f48086e3d763?s=96&d=mm&r=g","height":96,"width":96}},"publisher":{"@type":"Organization","name":"smein.sk","logo":{"@type":"ImageObject","@id":"\/logo.png","url":"\/logo.png","width":600,"height":60}},"image":{"@type":"ImageObject","@id":"https:\/\/www.smein.sk\/wp-content\/uploads\/img_a295336_w16657_t1546684083.jpg","url":"https:\/\/www.smein.sk\/wp-content\/uploads\/img_a295336_w16657_t1546684083.jpg","height":0,"width":0},"keywords":null},{"@type":"Article","@id":"https:\/\/www.smein.sk\/zabudnuta-kvaka\/","headline":"Zabudnut\u00e1 kvaka","url":"https:\/\/www.smein.sk\/zabudnuta-kvaka\/","datePublished":"2018-11-18","dateModified":"2023-04-28","mainEntityOfPage":"https:\/\/www.smein.sk\/zabudnuta-kvaka\/","author":{"@type":"Person","@id":"https:\/\/www.smein.sk\/author\/#Person","name":"","url":"https:\/\/www.smein.sk\/author\/","identifier":1,"image":{"@type":"ImageObject","@id":"https:\/\/secure.gravatar.com\/avatar\/16435f0a6c9262449b9ebb39f63178cd65c54b09f931b6f84682f48086e3d763?s=96&d=mm&r=g","url":"https:\/\/secure.gravatar.com\/avatar\/16435f0a6c9262449b9ebb39f63178cd65c54b09f931b6f84682f48086e3d763?s=96&d=mm&r=g","height":96,"width":96}},"publisher":{"@type":"Organization","name":"smein.sk","logo":{"@type":"ImageObject","@id":"\/logo.png","url":"\/logo.png","width":600,"height":60}},"image":{"@type":"ImageObject","@id":"https:\/\/www.smein.sk\/wp-content\/uploads\/img_a295787_w16782_t1547823127.jpg","url":"https:\/\/www.smein.sk\/wp-content\/uploads\/img_a295787_w16782_t1547823127.jpg","height":0,"width":0},"keywords":null},{"@type":"Article","@id":"https:\/\/www.smein.sk\/pomoc-neviem-sa-zbavit-hmyzu\/","headline":"Pom\u00f3c, neviem sa zbavi\u0165 hmyzu!","url":"https:\/\/www.smein.sk\/pomoc-neviem-sa-zbavit-hmyzu\/","datePublished":"2018-11-10","dateModified":"2023-04-28","mainEntityOfPage":"https:\/\/www.smein.sk\/pomoc-neviem-sa-zbavit-hmyzu\/","author":{"@type":"Person","@id":"https:\/\/www.smein.sk\/author\/#Person","name":"","url":"https:\/\/www.smein.sk\/author\/","identifier":1,"image":{"@type":"ImageObject","@id":"https:\/\/secure.gravatar.com\/avatar\/16435f0a6c9262449b9ebb39f63178cd65c54b09f931b6f84682f48086e3d763?s=96&d=mm&r=g","url":"https:\/\/secure.gravatar.com\/avatar\/16435f0a6c9262449b9ebb39f63178cd65c54b09f931b6f84682f48086e3d763?s=96&d=mm&r=g","height":96,"width":96}},"publisher":{"@type":"Organization","name":"smein.sk","logo":{"@type":"ImageObject","@id":"\/logo.png","url":"\/logo.png","width":600,"height":60}},"image":{"@type":"ImageObject","@id":"https:\/\/www.smein.sk\/wp-content\/uploads\/img_a295456_w16641_t1547133002.png","url":"https:\/\/www.smein.sk\/wp-content\/uploads\/img_a295456_w16641_t1547133002.png","height":0,"width":0},"keywords":null}]}