{"@context":"https:\/\/schema.org\/","@type":"CollectionPage","@id":"https:\/\/www.smein.sk\/elektro\/#CollectionPage","headline":"Elektro Category","description":"","url":"https:\/\/www.smein.sk\/elektro\/","hasPart":[{"@type":"Article","@id":"https:\/\/www.smein.sk\/pozor-na-stav-elektroinstalacie-v-starsich-budovach-domoch-a-bytoch\/","headline":"Pozor na stav elektroin\u0161tal\u00e1cie v star\u0161\u00edch budov\u00e1ch, domoch a bytoch","url":"https:\/\/www.smein.sk\/pozor-na-stav-elektroinstalacie-v-starsich-budovach-domoch-a-bytoch\/","datePublished":"2020-02-26","dateModified":"2023-04-28","mainEntityOfPage":"https:\/\/www.smein.sk\/pozor-na-stav-elektroinstalacie-v-starsich-budovach-domoch-a-bytoch\/","author":{"@type":"Person","@id":"https:\/\/www.smein.sk\/author\/#Person","name":"","url":"https:\/\/www.smein.sk\/author\/","identifier":1,"image":{"@type":"ImageObject","@id":"https:\/\/secure.gravatar.com\/avatar\/16435f0a6c9262449b9ebb39f63178cd65c54b09f931b6f84682f48086e3d763?s=96&d=mm&r=g","url":"https:\/\/secure.gravatar.com\/avatar\/16435f0a6c9262449b9ebb39f63178cd65c54b09f931b6f84682f48086e3d763?s=96&d=mm&r=g","height":96,"width":96}},"publisher":{"@type":"Organization","name":"smein.sk","logo":{"@type":"ImageObject","@id":"\/logo.png","url":"\/logo.png","width":600,"height":60}},"image":{"@type":"ImageObject","@id":"https:\/\/www.smein.sk\/wp-content\/uploads\/img_a311388_w16782_t1587639899.jpg","url":"https:\/\/www.smein.sk\/wp-content\/uploads\/img_a311388_w16782_t1587639899.jpg","height":0,"width":0},"keywords":null},{"@type":"Article","@id":"https:\/\/www.smein.sk\/temna-stranka-internetu\/","headline":"Temn\u00e1 str\u00e1nka internetu","url":"https:\/\/www.smein.sk\/temna-stranka-internetu\/","datePublished":"2019-11-23","dateModified":"2023-04-28","mainEntityOfPage":"https:\/\/www.smein.sk\/temna-stranka-internetu\/","author":{"@type":"Person","@id":"https:\/\/www.smein.sk\/author\/#Person","name":"","url":"https:\/\/www.smein.sk\/author\/","identifier":1,"image":{"@type":"ImageObject","@id":"https:\/\/secure.gravatar.com\/avatar\/16435f0a6c9262449b9ebb39f63178cd65c54b09f931b6f84682f48086e3d763?s=96&d=mm&r=g","url":"https:\/\/secure.gravatar.com\/avatar\/16435f0a6c9262449b9ebb39f63178cd65c54b09f931b6f84682f48086e3d763?s=96&d=mm&r=g","height":96,"width":96}},"publisher":{"@type":"Organization","name":"smein.sk","logo":{"@type":"ImageObject","@id":"\/logo.png","url":"\/logo.png","width":600,"height":60}},"image":{"@type":"ImageObject","@id":"https:\/\/www.smein.sk\/wp-content\/uploads\/img_a300712_w16782_t1558014831.jpg","url":"https:\/\/www.smein.sk\/wp-content\/uploads\/img_a300712_w16782_t1558014831.jpg","height":0,"width":0},"keywords":null},{"@type":"Article","@id":"https:\/\/www.smein.sk\/mobil-bez-nabijacky-ako-s-nim-vydrzat-co-najdlhsie\/","headline":"Mobil bez nab\u00edja\u010dky: Ako s n\u00edm vydr\u017ea\u0165 \u010do najdlh\u0161ie?","url":"https:\/\/www.smein.sk\/mobil-bez-nabijacky-ako-s-nim-vydrzat-co-najdlhsie\/","datePublished":"2019-10-24","dateModified":"2023-04-28","mainEntityOfPage":"https:\/\/www.smein.sk\/mobil-bez-nabijacky-ako-s-nim-vydrzat-co-najdlhsie\/","author":{"@type":"Person","@id":"https:\/\/www.smein.sk\/author\/#Person","name":"","url":"https:\/\/www.smein.sk\/author\/","identifier":1,"image":{"@type":"ImageObject","@id":"https:\/\/secure.gravatar.com\/avatar\/16435f0a6c9262449b9ebb39f63178cd65c54b09f931b6f84682f48086e3d763?s=96&d=mm&r=g","url":"https:\/\/secure.gravatar.com\/avatar\/16435f0a6c9262449b9ebb39f63178cd65c54b09f931b6f84682f48086e3d763?s=96&d=mm&r=g","height":96,"width":96}},"publisher":{"@type":"Organization","name":"smein.sk","logo":{"@type":"ImageObject","@id":"\/logo.png","url":"\/logo.png","width":600,"height":60}},"image":{"@type":"ImageObject","@id":"https:\/\/www.smein.sk\/wp-content\/uploads\/img_a307631_w16782_t1572015258.jpg","url":"https:\/\/www.smein.sk\/wp-content\/uploads\/img_a307631_w16782_t1572015258.jpg","height":0,"width":0},"keywords":null},{"@type":"Article","@id":"https:\/\/www.smein.sk\/setrite-na-horsie-casy-tuku-sa-radsej-zbavte-ihned\/","headline":"\u0160etr\u00edte na hor\u0161ie \u010dasy? Tuku sa rad\u0161ej zbavte ihne\u010f","url":"https:\/\/www.smein.sk\/setrite-na-horsie-casy-tuku-sa-radsej-zbavte-ihned\/","datePublished":"2019-07-10","dateModified":"2023-04-28","mainEntityOfPage":"https:\/\/www.smein.sk\/setrite-na-horsie-casy-tuku-sa-radsej-zbavte-ihned\/","author":{"@type":"Person","@id":"https:\/\/www.smein.sk\/author\/#Person","name":"","url":"https:\/\/www.smein.sk\/author\/","identifier":1,"image":{"@type":"ImageObject","@id":"https:\/\/secure.gravatar.com\/avatar\/16435f0a6c9262449b9ebb39f63178cd65c54b09f931b6f84682f48086e3d763?s=96&d=mm&r=g","url":"https:\/\/secure.gravatar.com\/avatar\/16435f0a6c9262449b9ebb39f63178cd65c54b09f931b6f84682f48086e3d763?s=96&d=mm&r=g","height":96,"width":96}},"publisher":{"@type":"Organization","name":"smein.sk","logo":{"@type":"ImageObject","@id":"\/logo.png","url":"\/logo.png","width":600,"height":60}},"image":{"@type":"ImageObject","@id":"https:\/\/www.smein.sk\/wp-content\/uploads\/img_a305609_w16495_t1567076510.jpg","url":"https:\/\/www.smein.sk\/wp-content\/uploads\/img_a305609_w16495_t1567076510.jpg","height":0,"width":0},"keywords":null},{"@type":"Article","@id":"https:\/\/www.smein.sk\/planovanie-svadby-a-ako-vyriesit-zoznam-pozvanych-hosti\/","headline":"Pl\u00e1novanie svadby a ako vyrie\u0161i\u0165 zoznam pozvan\u00fdch host\u00ed","url":"https:\/\/www.smein.sk\/planovanie-svadby-a-ako-vyriesit-zoznam-pozvanych-hosti\/","datePublished":"2019-05-04","dateModified":"2023-04-28","mainEntityOfPage":"https:\/\/www.smein.sk\/planovanie-svadby-a-ako-vyriesit-zoznam-pozvanych-hosti\/","author":{"@type":"Person","@id":"https:\/\/www.smein.sk\/author\/#Person","name":"","url":"https:\/\/www.smein.sk\/author\/","identifier":1,"image":{"@type":"ImageObject","@id":"https:\/\/secure.gravatar.com\/avatar\/16435f0a6c9262449b9ebb39f63178cd65c54b09f931b6f84682f48086e3d763?s=96&d=mm&r=g","url":"https:\/\/secure.gravatar.com\/avatar\/16435f0a6c9262449b9ebb39f63178cd65c54b09f931b6f84682f48086e3d763?s=96&d=mm&r=g","height":96,"width":96}},"publisher":{"@type":"Organization","name":"smein.sk","logo":{"@type":"ImageObject","@id":"\/logo.png","url":"\/logo.png","width":600,"height":60}},"image":{"@type":"ImageObject","@id":"https:\/\/www.smein.sk\/wp-content\/uploads\/img_a302313_w16710_t1561117852.jpg","url":"https:\/\/www.smein.sk\/wp-content\/uploads\/img_a302313_w16710_t1561117852.jpg","height":0,"width":0},"keywords":null}]}