[{"@context":"https:\/\/schema.org\/","@type":"Article","@id":"https:\/\/www.smein.sk\/nie-je-skolka-ako-skolka\/#Article","mainEntityOfPage":"https:\/\/www.smein.sk\/nie-je-skolka-ako-skolka\/","headline":"Nie je \u0161k\u00f4lka ako \u0161k\u00f4lka","name":"Nie je \u0161k\u00f4lka ako \u0161k\u00f4lka","description":"Popul\u00e1cia na Slovensku dlhodobo kles\u00e1. Po\u010det novonaroden\u00fdch det\u00ed nie je z\u010faleka tak\u00fd, ako tomu bolo v starom re\u017eime. Aj napriek [&hellip;]","datePublished":"2019-07-23","dateModified":"2023-04-28","author":{"@type":"Person","@id":"https:\/\/www.smein.sk\/author\/#Person","name":"","url":"https:\/\/www.smein.sk\/author\/","identifier":1,"image":{"@type":"ImageObject","@id":"https:\/\/secure.gravatar.com\/avatar\/16435f0a6c9262449b9ebb39f63178cd65c54b09f931b6f84682f48086e3d763?s=96&d=mm&r=g","url":"https:\/\/secure.gravatar.com\/avatar\/16435f0a6c9262449b9ebb39f63178cd65c54b09f931b6f84682f48086e3d763?s=96&d=mm&r=g","height":96,"width":96}},"publisher":{"@type":"Organization","name":"smein.sk","logo":{"@type":"ImageObject","@id":"\/logo.png","url":"\/logo.png","width":600,"height":60}},"image":{"@type":"ImageObject","@id":"https:\/\/www.smein.sk\/wp-content\/uploads\/img_a303473_w16812_t1564079342.jpg","url":"https:\/\/www.smein.sk\/wp-content\/uploads\/img_a303473_w16812_t1564079342.jpg","height":0,"width":0},"url":"https:\/\/www.smein.sk\/nie-je-skolka-ako-skolka\/","wordCount":403,"articleBody":"Popul\u00e1cia na Slovensku dlhodobo kles\u00e1. Po\u010det novonaroden\u00fdch det\u00ed nie je z\u010faleka tak\u00fd, ako tomu bolo v starom re\u017eime. Aj napriek tomu je zh\u00e1\u0148anie miesta pre bud\u00faceho \u0161k\u00f4lkara u\u017e teraz nemo\u017en\u00e9. Hlavne v hlavnom meste alebo in\u00fdch krajsk\u00fdch mest\u00e1ch, s\u00fa \u0161k\u00f4lky zh\u00e1\u0148an\u00e9 a neraz rezervovan\u00e9 na rok dopredu. Kv\u00f4li zn\u00ed\u017een\u00e9mu po\u010dtu b\u00e1b\u00e4tiek sa mnoh\u00e9 vzdel\u00e1vacie in\u0161tit\u00facie zatvorili alebo obmedzili svoj re\u017eim. D\u00e1 sa preto vyhovie\u0165 po\u017eiadavkam vl\u00e1dy?Znev\u00fdhodnen\u00e9 rodinyAko jeden z d\u00f4vodov na tak\u00fdto radik\u00e1lny krok sa Ministerstvo \u0161kolstva odvol\u00e1va na na nedostato\u010dne pripraven\u00fdch prv\u00e1kov zo znev\u00fdhodnen\u00fdch rod\u00edn. Tie trpia v\u00e4\u010d\u0161inou pre chudobu, ale aj nedostato\u010dn\u00fd rozvoj svojho bydliska. Mnoh\u00e9 rodiny, hlavne z v\u00fdchodn\u00e9ho Slovenska, nemaj\u00fa ani pr\u00edle\u017eitosti a ani financie, ktor\u00fdmi sa chv\u00e1lia t\u00ed na z\u00e1pade. Preto je situ\u00e1cia ne\u010ditate\u013en\u00e1 a mnoh\u00ed sa nespoliehaj\u00fa na to, \u017ee novela z\u00e1kona nie\u010do vyrie\u0161i. Hlavne ak si vzdel\u00e1vanie nebude m\u00f4c\u0165 dovoli\u0165 plati\u0165 rodina alebo koniec koncov aj \u0161t\u00e1t.O\u010dak\u00e1vaniaAj napriek vytrval\u00fdm hlasom, \u017ee sa t\u00fdm ni\u010d nevyrie\u0161i, je toto rozhodnutie dnes u\u017e hotov\u00e1 vec. I tak sa ale objavuj\u00fa \u010fal\u0161\u00ed kritici. Platnos\u0165 by mala by\u0165 za\u010diatkom bud\u00faceho roka, no miesta pre det\u00ed niet. Takmer desa\u0165tis\u00edc ch\u00fdba a v nedoh\u013eadne s\u00fa aj samotn\u00e9 u\u010dite\u013eky, ktor\u00fdch je m\u00e1lo. Je teda pravdepodobn\u00e9, \u017ee sa za\u010dne vyjedn\u00e1vanie. \u010ci u\u017e o posily alebo lep\u0161ie platov\u00e9 podmienky.Prilep\u0161ia siOkrem dozoru a lep\u0161ej pripravenosti na prv\u00fd ro\u010dn\u00edk si ve\u013ea diskut\u00e9rov s\u013eubuje zv\u00fd\u0161en\u00fa kvalitu vzdel\u00e1vania a celosvetov\u00e9 vylep\u0161enie v prieskumoch, ktor\u00e9 monitoruj\u00fa vedomosti \u017eiakov. Samozrejme, \u017ee tak\u00e1to\u00a0 zmena je ve\u013ek\u00e1 a niektor\u00ed s\u00fa skeptick\u00ed vo\u010di tomu, \u010di sa to v\u0161etko do roka stihne. Po\u017eiadavky s\u00fa dan\u00e9, no na ich rie\u0161enie sa nikto nepozer\u00e1. Pritom u\u010ditelia upozor\u0148uj\u00fa, \u017ee \u017eiaci z chudobn\u00fdch regi\u00f3nov prispievali a\u017e osemdesiatimi percentami k celkov\u00e9mu po\u010dtu vyme\u0161kan\u00fdch hod\u00edn v nult\u00fdch ro\u010dn\u00edkoch. D\u00e1 sa to teda ustriehnu\u0165? Ak \u00e1no, bud\u00fa potrebn\u00e9 \u010fal\u0161ie financie a hlavne \u013eudia.                                                                                                                                                                                                                                                                                                                                                                                        4\/5 - (11 votes)        "},{"@context":"https:\/\/schema.org\/","@type":"BreadcrumbList","itemListElement":[{"@type":"ListItem","position":1,"name":"Nie je \u0161k\u00f4lka ako \u0161k\u00f4lka","item":"https:\/\/www.smein.sk\/nie-je-skolka-ako-skolka\/#breadcrumbitem"}]}]