[{"@context":"https:\/\/schema.org\/","@type":"Article","@id":"https:\/\/www.smein.sk\/opuch-dolnych-koncatin-treba-riesit-vcas\/#Article","mainEntityOfPage":"https:\/\/www.smein.sk\/opuch-dolnych-koncatin-treba-riesit-vcas\/","headline":"Opuch doln\u00fdch kon\u010dat\u00edn treba rie\u0161i\u0165 v\u010das","name":"Opuch doln\u00fdch kon\u010dat\u00edn treba rie\u0161i\u0165 v\u010das","description":"Objavil sa na va\u0161ich noh\u00e1ch opuch, ktor\u00fd nemizne ani po nieko\u013ek\u00fdch d\u0148och a ustavi\u010dnom natieran\u00ed kr\u00e9mami na jeho zmiernenie? V [&hellip;]","datePublished":"2019-06-04","dateModified":"2023-04-28","author":{"@type":"Person","@id":"https:\/\/www.smein.sk\/author\/#Person","name":"","url":"https:\/\/www.smein.sk\/author\/","identifier":1,"image":{"@type":"ImageObject","@id":"https:\/\/secure.gravatar.com\/avatar\/16435f0a6c9262449b9ebb39f63178cd65c54b09f931b6f84682f48086e3d763?s=96&d=mm&r=g","url":"https:\/\/secure.gravatar.com\/avatar\/16435f0a6c9262449b9ebb39f63178cd65c54b09f931b6f84682f48086e3d763?s=96&d=mm&r=g","height":96,"width":96}},"publisher":{"@type":"Organization","name":"smein.sk","logo":{"@type":"ImageObject","@id":"\/logo.png","url":"\/logo.png","width":600,"height":60}},"image":{"@type":"ImageObject","@id":"https:\/\/www.smein.sk\/wp-content\/uploads\/img_a304293_w16659_t1565025742.jpg","url":"https:\/\/www.smein.sk\/wp-content\/uploads\/img_a304293_w16659_t1565025742.jpg","height":0,"width":0},"url":"https:\/\/www.smein.sk\/opuch-dolnych-koncatin-treba-riesit-vcas\/","about":["\u017deny"],"wordCount":372,"articleBody":"         Objavil sa na va\u0161ich noh\u00e1ch opuch, ktor\u00fd nemizne ani po nieko\u013ek\u00fdch d\u0148och a ustavi\u010dnom natieran\u00ed kr\u00e9mami na jeho zmiernenie? V tom pr\u00edpade by ste mali \u010d\u00edm sk\u00f4r nav\u0161t\u00edvi\u0165 svojho lek\u00e1ra. M\u00f4\u017ee \u00eds\u0165 o nevinn\u00e9 pre\u0165a\u017eenie doln\u00fdch kon\u010dat\u00edn, ale taktie\u017e o prvotn\u00e9 prejavy lymfed\u00e9mu.  Lymfatick\u00fd opuch \u2013 \u010do to je a pre\u010do vznik\u00e1  Lymfed\u00e9m sa m\u00f4\u017ee objavi\u0165 na akejko\u013evek \u010dasti v\u00e1\u0161ho tela. Vo v\u00e4\u010d\u0161ine pr\u00edpadov v\u0161ak postihuje kon\u010datiny a obzvl\u00e1\u0161\u0165 tie doln\u00e9, teda nohy. Lymfa je tekutina, ktor\u00e1 sa star\u00e1 o prenos \u017eiv\u00edn v imunitnom syst\u00e9me. Jednou z jej \u00faloh je pre\u010dis\u0165ovanie organizmu od toxick\u00fdch l\u00e1tok. Ak t\u00e1to tekutina nem\u00f4\u017ee odteka\u0165 z tela, za\u010dne sa hromadi\u0165 na jednom mieste, v \u010doho d\u00f4sledku vznikne lymfatick\u00fd opuch. Toto ochorenie je rovnako nebezpe\u010dn\u00e9 pre \u017eeny aj pre mu\u017eov. Existuje viacero pr\u00ed\u010din pre\u010do k opuchu doch\u00e1dza. M\u00f4\u017ee \u00eds\u0165 o geneticky vroden\u00fa poruchu ( v tomto pr\u00edpade hovor\u00edme o prim\u00e1rnom lymfatickom opuchu) alebo d\u00f4sledok oper\u00e1cie, \u010di \u00farazu ( z\u00edskan\u00fd lymfatick\u00fd opuch ). Opuch m\u00f4\u017ee vznikn\u00fa\u0165 na miestach, kde do\u0161lo k siln\u00e9mu \u00faderu, zlomenine, pop\u00e1lenine alebo o\u017earovaniu. Ako sme nazna\u010dili na za\u010diatku, prv\u00fdm prejavom je nemizn\u00faci opuch. Ak sa teda s nie\u010d\u00edm podobn\u00fdm stretnete i vy, vyh\u013eadajte bezodkladne lek\u00e1ra. V\u010dasn\u00e1 lie\u010dba je v tomto pr\u00edpade extr\u00e9mne d\u00f4le\u017eit\u00e1.  V\u010dasn\u00e1 diagnostika a d\u00f4kladn\u00e1 lie\u010dba  Lie\u010dba lymfed\u00e9mu nohy venasum.com  spo\u010d\u00edva najm\u00e4 v nosen\u00ed band\u00e1\u017e\u00ed, kompresn\u00fdch pan\u010d\u00fach, pr\u00edstrojovej presoterapii a manu\u00e1lnej lymfodren\u00e1\u017ee. D\u00f4le\u017eit\u00fd je taktie\u017e pravideln\u00fd a vhodn\u00fd pohyb v podobe terapeutick\u00fdch cvi\u010den\u00ed. Pri lymfatickom opuchu mus\u00ed pacient dodr\u017eiava\u0165 extr\u00e9mnu hygienu postihnut\u00e9ho miesta. Nahromaden\u00e1 lymfa toti\u017e m\u00f4\u017ee sp\u00f4sobi\u0165 z\u00e1pal alebo infekciu poko\u017eky. Ak sa k prvot\u00e9mu ochoreniu prid\u00e1 aj infekcia, rekonvalescencia sa st\u00e1va ve\u013emi n\u00e1ro\u010dnou, zd\u013ahavou a pre pacienta predstavuje ve\u013emi v\u00e1\u017eny zdravotn\u00fd probl\u00e9m.                                                                                                                                                                                                                                                                                                                                                                                          3.6\/5 - (9 votes)        "},{"@context":"https:\/\/schema.org\/","@type":"BreadcrumbList","itemListElement":[{"@type":"ListItem","position":1,"name":"Opuch doln\u00fdch kon\u010dat\u00edn treba rie\u0161i\u0165 v\u010das","item":"https:\/\/www.smein.sk\/opuch-dolnych-koncatin-treba-riesit-vcas\/#breadcrumbitem"}]}]