{"@context":"https:\/\/schema.org\/","@type":"CollectionPage","@id":"https:\/\/www.smein.sk\/podnikanie\/#CollectionPage","headline":"Podnikanie Category","description":"","url":"https:\/\/www.smein.sk\/podnikanie\/","hasPart":[{"@type":"Article","@id":"https:\/\/www.smein.sk\/aj-dnes-si-ludia-davaju-vyvolat-svoje-fotky\/","headline":"Aj dnes si \u013eudia d\u00e1vaj\u00fa vyvola\u0165 svoje fotky","url":"https:\/\/www.smein.sk\/aj-dnes-si-ludia-davaju-vyvolat-svoje-fotky\/","datePublished":"2021-11-13","dateModified":"2023-04-28","mainEntityOfPage":"https:\/\/www.smein.sk\/aj-dnes-si-ludia-davaju-vyvolat-svoje-fotky\/","author":{"@type":"Person","@id":"https:\/\/www.smein.sk\/author\/#Person","name":"","url":"https:\/\/www.smein.sk\/author\/","identifier":1,"image":{"@type":"ImageObject","@id":"https:\/\/secure.gravatar.com\/avatar\/16435f0a6c9262449b9ebb39f63178cd65c54b09f931b6f84682f48086e3d763?s=96&d=mm&r=g","url":"https:\/\/secure.gravatar.com\/avatar\/16435f0a6c9262449b9ebb39f63178cd65c54b09f931b6f84682f48086e3d763?s=96&d=mm&r=g","height":96,"width":96}},"publisher":{"@type":"Organization","name":"smein.sk","logo":{"@type":"ImageObject","@id":"\/logo.png","url":"\/logo.png","width":600,"height":60}},"image":{"@type":"ImageObject","@id":"https:\/\/www.smein.sk\/wp-content\/uploads\/obr%C3%A1zok_2021-12-11_063431.png","url":"https:\/\/www.smein.sk\/wp-content\/uploads\/obr%C3%A1zok_2021-12-11_063431.png","height":0,"width":0},"keywords":null},{"@type":"Article","@id":"https:\/\/www.smein.sk\/tantricka-masaz\/","headline":"Tantrick\u00e1 mas\u00e1\u017e","url":"https:\/\/www.smein.sk\/tantricka-masaz\/","datePublished":"2021-09-27","dateModified":"2023-04-28","mainEntityOfPage":"https:\/\/www.smein.sk\/tantricka-masaz\/","author":{"@type":"Person","@id":"https:\/\/www.smein.sk\/author\/#Person","name":"","url":"https:\/\/www.smein.sk\/author\/","identifier":1,"image":{"@type":"ImageObject","@id":"https:\/\/secure.gravatar.com\/avatar\/16435f0a6c9262449b9ebb39f63178cd65c54b09f931b6f84682f48086e3d763?s=96&d=mm&r=g","url":"https:\/\/secure.gravatar.com\/avatar\/16435f0a6c9262449b9ebb39f63178cd65c54b09f931b6f84682f48086e3d763?s=96&d=mm&r=g","height":96,"width":96}},"publisher":{"@type":"Organization","name":"smein.sk","logo":{"@type":"ImageObject","@id":"\/logo.png","url":"\/logo.png","width":600,"height":60}},"image":{"@type":"ImageObject","@id":"https:\/\/www.smein.sk\/wp-content\/uploads\/tantra_10_8.jpg","url":"https:\/\/www.smein.sk\/wp-content\/uploads\/tantra_10_8.jpg","height":0,"width":0},"keywords":null},{"@type":"Article","@id":"https:\/\/www.smein.sk\/podnikatelia-chcu-v-nejednom-pripade-ukoncit-svoju-cinnost\/","headline":"Podnikatelia chc\u00fa v nejednom pr\u00edpade ukon\u010di\u0165 svoju \u010dinnos\u0165","url":"https:\/\/www.smein.sk\/podnikatelia-chcu-v-nejednom-pripade-ukoncit-svoju-cinnost\/","datePublished":"2021-09-25","dateModified":"2023-04-28","mainEntityOfPage":"https:\/\/www.smein.sk\/podnikatelia-chcu-v-nejednom-pripade-ukoncit-svoju-cinnost\/","author":{"@type":"Person","@id":"https:\/\/www.smein.sk\/author\/#Person","name":"","url":"https:\/\/www.smein.sk\/author\/","identifier":1,"image":{"@type":"ImageObject","@id":"https:\/\/secure.gravatar.com\/avatar\/16435f0a6c9262449b9ebb39f63178cd65c54b09f931b6f84682f48086e3d763?s=96&d=mm&r=g","url":"https:\/\/secure.gravatar.com\/avatar\/16435f0a6c9262449b9ebb39f63178cd65c54b09f931b6f84682f48086e3d763?s=96&d=mm&r=g","height":96,"width":96}},"publisher":{"@type":"Organization","name":"smein.sk","logo":{"@type":"ImageObject","@id":"\/logo.png","url":"\/logo.png","width":600,"height":60}},"image":{"@type":"ImageObject","@id":"https:\/\/www.smein.sk\/wp-content\/uploads\/notebook,%20pl%C3%A1ny.jpeg","url":"https:\/\/www.smein.sk\/wp-content\/uploads\/notebook,%20pl%C3%A1ny.jpeg","height":0,"width":0},"keywords":null},{"@type":"Article","@id":"https:\/\/www.smein.sk\/ked-je-cloveku-pod-psa\/","headline":"Ke\u010f je \u010dloveku pod psa","url":"https:\/\/www.smein.sk\/ked-je-cloveku-pod-psa\/","datePublished":"2021-08-13","dateModified":"2023-04-28","mainEntityOfPage":"https:\/\/www.smein.sk\/ked-je-cloveku-pod-psa\/","author":{"@type":"Person","@id":"https:\/\/www.smein.sk\/author\/#Person","name":"","url":"https:\/\/www.smein.sk\/author\/","identifier":1,"image":{"@type":"ImageObject","@id":"https:\/\/secure.gravatar.com\/avatar\/16435f0a6c9262449b9ebb39f63178cd65c54b09f931b6f84682f48086e3d763?s=96&d=mm&r=g","url":"https:\/\/secure.gravatar.com\/avatar\/16435f0a6c9262449b9ebb39f63178cd65c54b09f931b6f84682f48086e3d763?s=96&d=mm&r=g","height":96,"width":96}},"publisher":{"@type":"Organization","name":"smein.sk","logo":{"@type":"ImageObject","@id":"\/logo.png","url":"\/logo.png","width":600,"height":60}},"image":{"@type":"ImageObject","@id":"https:\/\/www.smein.sk\/wp-content\/uploads\/deprimovan%C3%BD%20mu%C5%BE.jpg","url":"https:\/\/www.smein.sk\/wp-content\/uploads\/deprimovan%C3%BD%20mu%C5%BE.jpg","height":0,"width":0},"keywords":null},{"@type":"Article","@id":"https:\/\/www.smein.sk\/vyberte-si-zodpovedne\/","headline":"Vyberte si zodpovedne!","url":"https:\/\/www.smein.sk\/vyberte-si-zodpovedne\/","datePublished":"2021-04-20","dateModified":"2023-04-28","mainEntityOfPage":"https:\/\/www.smein.sk\/vyberte-si-zodpovedne\/","author":{"@type":"Person","@id":"https:\/\/www.smein.sk\/author\/#Person","name":"","url":"https:\/\/www.smein.sk\/author\/","identifier":1,"image":{"@type":"ImageObject","@id":"https:\/\/secure.gravatar.com\/avatar\/16435f0a6c9262449b9ebb39f63178cd65c54b09f931b6f84682f48086e3d763?s=96&d=mm&r=g","url":"https:\/\/secure.gravatar.com\/avatar\/16435f0a6c9262449b9ebb39f63178cd65c54b09f931b6f84682f48086e3d763?s=96&d=mm&r=g","height":96,"width":96}},"publisher":{"@type":"Organization","name":"smein.sk","logo":{"@type":"ImageObject","@id":"\/logo.png","url":"\/logo.png","width":600,"height":60}},"image":{"@type":"ImageObject","@id":"https:\/\/www.smein.sk\/wp-content\/uploads\/business-people-meeting-office-writing-memos-sticky-notes_1150-37740_1.jpg","url":"https:\/\/www.smein.sk\/wp-content\/uploads\/business-people-meeting-office-writing-memos-sticky-notes_1150-37740_1.jpg","height":0,"width":0},"keywords":null},{"@type":"Article","@id":"https:\/\/www.smein.sk\/ako-sa-da-posilnovat-imunita-pocas-zimnych-mesiacov\/","headline":"Ako sa d\u00e1 posil\u0148ova\u0165 imunita po\u010das zimn\u00fdch mesiacov?","url":"https:\/\/www.smein.sk\/ako-sa-da-posilnovat-imunita-pocas-zimnych-mesiacov\/","datePublished":"2020-11-14","dateModified":"2023-10-09","mainEntityOfPage":"https:\/\/www.smein.sk\/ako-sa-da-posilnovat-imunita-pocas-zimnych-mesiacov\/","author":{"@type":"Person","@id":"https:\/\/www.smein.sk\/author\/#Person","name":"","url":"https:\/\/www.smein.sk\/author\/","identifier":1,"image":{"@type":"ImageObject","@id":"https:\/\/secure.gravatar.com\/avatar\/16435f0a6c9262449b9ebb39f63178cd65c54b09f931b6f84682f48086e3d763?s=96&d=mm&r=g","url":"https:\/\/secure.gravatar.com\/avatar\/16435f0a6c9262449b9ebb39f63178cd65c54b09f931b6f84682f48086e3d763?s=96&d=mm&r=g","height":96,"width":96}},"publisher":{"@type":"Organization","name":"smein.sk","logo":{"@type":"ImageObject","@id":"\/logo.png","url":"\/logo.png","width":600,"height":60}},"image":{"@type":"ImageObject","@id":"https:\/\/www.smein.sk\/wp-content\/uploads\/ban%C3%A1ny,%20ovocie.jpg","url":"https:\/\/www.smein.sk\/wp-content\/uploads\/ban%C3%A1ny,%20ovocie.jpg","height":0,"width":0},"keywords":null},{"@type":"Article","@id":"https:\/\/www.smein.sk\/pravnicke-sluzby-vyhodne\/","headline":"Pr\u00e1vnick\u00e9 slu\u017eby v\u00fdhodne!","url":"https:\/\/www.smein.sk\/pravnicke-sluzby-vyhodne\/","datePublished":"2020-07-20","dateModified":"2023-11-12","mainEntityOfPage":"https:\/\/www.smein.sk\/pravnicke-sluzby-vyhodne\/","author":{"@type":"Person","@id":"https:\/\/www.smein.sk\/author\/#Person","name":"","url":"https:\/\/www.smein.sk\/author\/","identifier":1,"image":{"@type":"ImageObject","@id":"https:\/\/secure.gravatar.com\/avatar\/16435f0a6c9262449b9ebb39f63178cd65c54b09f931b6f84682f48086e3d763?s=96&d=mm&r=g","url":"https:\/\/secure.gravatar.com\/avatar\/16435f0a6c9262449b9ebb39f63178cd65c54b09f931b6f84682f48086e3d763?s=96&d=mm&r=g","height":96,"width":96}},"publisher":{"@type":"Organization","name":"smein.sk","logo":{"@type":"ImageObject","@id":"\/logo.png","url":"\/logo.png","width":600,"height":60}},"image":{"@type":"ImageObject","@id":"https:\/\/www.smein.sk\/wp-content\/uploads\/A-Detailed-Insight-Into-The-Best-Top-20-Law-Firm-in-India.jpg","url":"https:\/\/www.smein.sk\/wp-content\/uploads\/A-Detailed-Insight-Into-The-Best-Top-20-Law-Firm-in-India.jpg","height":0,"width":0},"keywords":null},{"@type":"Article","@id":"https:\/\/www.smein.sk\/pomocnici-na-krtkovanie\/","headline":"Pomocn\u00edci na krtkovanie","url":"https:\/\/www.smein.sk\/pomocnici-na-krtkovanie\/","datePublished":"2020-05-11","dateModified":"2023-04-28","mainEntityOfPage":"https:\/\/www.smein.sk\/pomocnici-na-krtkovanie\/","author":{"@type":"Person","@id":"https:\/\/www.smein.sk\/author\/#Person","name":"","url":"https:\/\/www.smein.sk\/author\/","identifier":1,"image":{"@type":"ImageObject","@id":"https:\/\/secure.gravatar.com\/avatar\/16435f0a6c9262449b9ebb39f63178cd65c54b09f931b6f84682f48086e3d763?s=96&d=mm&r=g","url":"https:\/\/secure.gravatar.com\/avatar\/16435f0a6c9262449b9ebb39f63178cd65c54b09f931b6f84682f48086e3d763?s=96&d=mm&r=g","height":96,"width":96}},"publisher":{"@type":"Organization","name":"smein.sk","logo":{"@type":"ImageObject","@id":"\/logo.png","url":"\/logo.png","width":600,"height":60}},"image":{"@type":"ImageObject","@id":"https:\/\/www.smein.sk\/wp-content\/uploads\/krtkovanie4_10_1.jpg","url":"https:\/\/www.smein.sk\/wp-content\/uploads\/krtkovanie4_10_1.jpg","height":0,"width":0},"keywords":null},{"@type":"Article","@id":"https:\/\/www.smein.sk\/uspesny-online-marketing-vyhladavace-a-socialne-siete\/","headline":"\u00daspe\u0161n\u00fd online marketing: Vyh\u013ead\u00e1va\u010de a soci\u00e1lne siete","url":"https:\/\/www.smein.sk\/uspesny-online-marketing-vyhladavace-a-socialne-siete\/","datePublished":"2020-01-19","dateModified":"2023-09-02","mainEntityOfPage":"https:\/\/www.smein.sk\/uspesny-online-marketing-vyhladavace-a-socialne-siete\/","author":{"@type":"Person","@id":"https:\/\/www.smein.sk\/author\/#Person","name":"","url":"https:\/\/www.smein.sk\/author\/","identifier":1,"image":{"@type":"ImageObject","@id":"https:\/\/secure.gravatar.com\/avatar\/16435f0a6c9262449b9ebb39f63178cd65c54b09f931b6f84682f48086e3d763?s=96&d=mm&r=g","url":"https:\/\/secure.gravatar.com\/avatar\/16435f0a6c9262449b9ebb39f63178cd65c54b09f931b6f84682f48086e3d763?s=96&d=mm&r=g","height":96,"width":96}},"publisher":{"@type":"Organization","name":"smein.sk","logo":{"@type":"ImageObject","@id":"\/logo.png","url":"\/logo.png","width":600,"height":60}},"image":{"@type":"ImageObject","@id":"https:\/\/www.smein.sk\/wp-content\/uploads\/img_a309630_w16834_t1579888714.jpg","url":"https:\/\/www.smein.sk\/wp-content\/uploads\/img_a309630_w16834_t1579888714.jpg","height":0,"width":0},"keywords":null},{"@type":"Article","@id":"https:\/\/www.smein.sk\/ako-prisli-tito-podnikatelia-k-svojim-napadom\/","headline":"Ako pri\u0161li t\u00edto podnikatelia k svojim n\u00e1padom","url":"https:\/\/www.smein.sk\/ako-prisli-tito-podnikatelia-k-svojim-napadom\/","datePublished":"2019-11-23","dateModified":"2023-04-28","mainEntityOfPage":"https:\/\/www.smein.sk\/ako-prisli-tito-podnikatelia-k-svojim-napadom\/","author":{"@type":"Person","@id":"https:\/\/www.smein.sk\/author\/#Person","name":"","url":"https:\/\/www.smein.sk\/author\/","identifier":1,"image":{"@type":"ImageObject","@id":"https:\/\/secure.gravatar.com\/avatar\/16435f0a6c9262449b9ebb39f63178cd65c54b09f931b6f84682f48086e3d763?s=96&d=mm&r=g","url":"https:\/\/secure.gravatar.com\/avatar\/16435f0a6c9262449b9ebb39f63178cd65c54b09f931b6f84682f48086e3d763?s=96&d=mm&r=g","height":96,"width":96}},"publisher":{"@type":"Organization","name":"smein.sk","logo":{"@type":"ImageObject","@id":"\/logo.png","url":"\/logo.png","width":600,"height":60}},"image":{"@type":"ImageObject","@id":"https:\/\/www.smein.sk\/wp-content\/uploads\/img_a300936_w16782_t1558373495.jpg","url":"https:\/\/www.smein.sk\/wp-content\/uploads\/img_a300936_w16782_t1558373495.jpg","height":0,"width":0},"keywords":null}]}