[{"@context":"https:\/\/schema.org\/","@type":"Article","@id":"https:\/\/www.smein.sk\/socialna-fobia\/#Article","mainEntityOfPage":"https:\/\/www.smein.sk\/socialna-fobia\/","headline":"Soci\u00e1lna f\u00f3bia","name":"Soci\u00e1lna f\u00f3bia","description":"V\u0161etci sme nejak\u00ed. Niekto m\u00e1 r\u00e1d spolo\u010dnos\u0165, r\u00e1d je stredobodom spolo\u010dnosti a ke\u010f n\u00edm nie je, tak si to chce [&hellip;]","datePublished":"2019-11-12","dateModified":"2023-04-28","author":{"@type":"Person","@id":"https:\/\/www.smein.sk\/author\/#Person","name":"","url":"https:\/\/www.smein.sk\/author\/","identifier":1,"image":{"@type":"ImageObject","@id":"https:\/\/secure.gravatar.com\/avatar\/16435f0a6c9262449b9ebb39f63178cd65c54b09f931b6f84682f48086e3d763?s=96&d=mm&r=g","url":"https:\/\/secure.gravatar.com\/avatar\/16435f0a6c9262449b9ebb39f63178cd65c54b09f931b6f84682f48086e3d763?s=96&d=mm&r=g","height":96,"width":96}},"publisher":{"@type":"Organization","name":"smein.sk","logo":{"@type":"ImageObject","@id":"\/logo.png","url":"\/logo.png","width":600,"height":60}},"image":{"@type":"ImageObject","@id":"https:\/\/www.smein.sk\/wp-content\/uploads\/img_a303672_w16838_t1564221910.jpg","url":"https:\/\/www.smein.sk\/wp-content\/uploads\/img_a303672_w16838_t1564221910.jpg","height":0,"width":0},"url":"https:\/\/www.smein.sk\/socialna-fobia\/","about":["\u017deny"],"wordCount":416,"articleBody":" V\u0161etci sme nejak\u00ed. Niekto m\u00e1 r\u00e1d spolo\u010dnos\u0165, r\u00e1d je stredobodom spolo\u010dnosti a ke\u010f n\u00edm nie je, tak si to chce znova a znova vydobi\u0165. Niekto by bol najrad\u0161ej, keby si ho nikto nev\u0161\u00edmal a nikdy nebol stredobodom pozornosti. Udalosti na javisku s\u00fa pre\u0148ho priam utrpen\u00edm. A niektor\u00ed s\u00fa tak\u00ed be\u017en\u00ed, \u010do sa trochu hanbia vystupova\u0165 na javisku, ale ke\u010f to zvl\u00e1dnu, tak u\u017e je to na \u010fal\u0161\u00ed pokus ove\u013ea lep\u0161ie a maj\u00fa men\u0161\u00ed strach. Ako sa to vezme, tak je to aj v \u017eivote v\u0161elijako.  \u010co sa mi stalo? Minul\u00fd t\u00fd\u017ede\u0148 sa mi stala jedna udalos\u0165, ktor\u00e1 mi zostala e\u0161te dlho skryt\u00e1 v pam\u00e4ti a musela som sa k nej vraca\u0165. Stretli sme s priate\u013eom na\u0161im dvoch zn\u00e1mych, teda je to u\u017e man\u017eelsk\u00fd p\u00e1r, ktor\u00fdm sme boli minul\u00fd rok na svadbe. Tak sme pozdravili a ke\u010f\u017ee sme sa dlh\u0161ie nevideli, tak sme chceli prehodi\u0165 zop\u00e1r slov. No, ke\u010f sme sa ich nie\u010do p\u00fdtali, tak odpovedal iba on. Ona sa priam na n\u00e1s ani nepozrela, sk\u00f4r sa vyh\u00fdbala a potom sme sa aj rozl\u00fa\u010dili. Tro\u0161ku n\u00e1s to zarazilo, \u017ee pre\u010do sa s nami nechce rozpr\u00e1va\u0165. A potom sme sa dozvedeli, \u017ee m\u00e1 soci\u00e1lnu f\u00f3biu \u2013 strach z \u013eud\u00ed.  D\u00f4vod? Ke\u010f pracovala v minulosti niekde, tak sa v\u017edy vyhov\u00e1rala, \u017ee ju \u0161\u00e9f bal\u00ed alebo, \u017ee ju tam dokonca chceli zn\u00e1silni\u0165. V\u0161etci sme jej to verili, lebo ve\u010f tak\u00e9 veci sa nevym\u00fd\u0161\u013eaj\u00fa. Teraz ako man\u017eelia pracuj\u00fa spolu, ale vraj musia dokonca pracova\u0165 \u00faplne ne\u010faleko seba, lebo ona je na \u0148om priam z\u00e1visl\u00e1. Jedin\u00e9ho \u010dloveka, ktor\u00e9ho ved\u013ea seba znesie je on a ich rodina. Ale aj tak zo \u0161ir\u0161ej rodiny m\u00e1 strach. Je to priam hroziv\u00e9, ke\u010f si predstav\u00edm, \u017ee ona sa nedok\u00e1\u017ee s nik\u00fdm in\u00fdm porozpr\u00e1va\u0165 iba s n\u00edm. Vraj je na tom dos\u0165 psychicky zle a chod\u00ed po v\u0161etk\u00fdch mo\u017en\u00fdch doktoroch. On je u\u017e tie\u017e dos\u0165 na nervy.. ve\u010f kto by nebol.. keby mal st\u00e1le jednu osobu pri sebe a ona sa tr\u00e1pi v spolo\u010dnosti. On sa od nej nem\u00f4\u017ee vzdiali\u0165, musia spolu robi\u0165 a tak v\u0161etko spolu.. Aj ke\u010f niekoho milujete, nem\u00f4\u017eete ho ma\u0165 st\u00e1le za zadkom..                                                                                                                                                                                                                                                                                                                                                                                         4.5\/5 - (4 votes)        "},{"@context":"https:\/\/schema.org\/","@type":"BreadcrumbList","itemListElement":[{"@type":"ListItem","position":1,"name":"Soci\u00e1lna f\u00f3bia","item":"https:\/\/www.smein.sk\/socialna-fobia\/#breadcrumbitem"}]}]