{"@context":"https:\/\/schema.org\/","@type":"CollectionPage","@id":"https:\/\/www.smein.sk\/zeny\/#CollectionPage","headline":"\u017deny Category","description":"","url":"https:\/\/www.smein.sk\/zeny\/","hasPart":[{"@type":"Article","@id":"https:\/\/www.smein.sk\/zeny\/","headline":"\u017deny","url":"https:\/\/www.smein.sk\/zeny\/","datePublished":"2020-03-11","dateModified":"2023-04-28","mainEntityOfPage":"https:\/\/www.smein.sk\/zeny\/","author":{"@type":"Person","@id":"https:\/\/www.smein.sk\/author\/#Person","name":"","url":"https:\/\/www.smein.sk\/author\/","identifier":1,"image":{"@type":"ImageObject","@id":"https:\/\/secure.gravatar.com\/avatar\/16435f0a6c9262449b9ebb39f63178cd65c54b09f931b6f84682f48086e3d763?s=96&d=mm&r=g","url":"https:\/\/secure.gravatar.com\/avatar\/16435f0a6c9262449b9ebb39f63178cd65c54b09f931b6f84682f48086e3d763?s=96&d=mm&r=g","height":96,"width":96}},"publisher":{"@type":"Organization","name":"smein.sk","logo":{"@type":"ImageObject","@id":"\/logo.png","url":"\/logo.png","width":600,"height":60}},"image":{"@type":"ImageObject","@id":"https:\/\/www.smein.sk\/wp-content\/uploads\/img_a310768_w16808_t1584005350.jpg","url":"https:\/\/www.smein.sk\/wp-content\/uploads\/img_a310768_w16808_t1584005350.jpg","height":0,"width":0},"keywords":null},{"@type":"Article","@id":"https:\/\/www.smein.sk\/filmy-s-tazkou-atmosferou\/","headline":"Filmy s \u0165a\u017ekou atmosf\u00e9rou","url":"https:\/\/www.smein.sk\/filmy-s-tazkou-atmosferou\/","datePublished":"2019-11-13","dateModified":"2023-04-28","mainEntityOfPage":"https:\/\/www.smein.sk\/filmy-s-tazkou-atmosferou\/","author":{"@type":"Person","@id":"https:\/\/www.smein.sk\/author\/#Person","name":"","url":"https:\/\/www.smein.sk\/author\/","identifier":1,"image":{"@type":"ImageObject","@id":"https:\/\/secure.gravatar.com\/avatar\/16435f0a6c9262449b9ebb39f63178cd65c54b09f931b6f84682f48086e3d763?s=96&d=mm&r=g","url":"https:\/\/secure.gravatar.com\/avatar\/16435f0a6c9262449b9ebb39f63178cd65c54b09f931b6f84682f48086e3d763?s=96&d=mm&r=g","height":96,"width":96}},"publisher":{"@type":"Organization","name":"smein.sk","logo":{"@type":"ImageObject","@id":"\/logo.png","url":"\/logo.png","width":600,"height":60}},"image":{"@type":"ImageObject","@id":"https:\/\/www.smein.sk\/wp-content\/uploads\/img_a300096_w16641_t1556467104.jpg","url":"https:\/\/www.smein.sk\/wp-content\/uploads\/img_a300096_w16641_t1556467104.jpg","height":0,"width":0},"keywords":null},{"@type":"Article","@id":"https:\/\/www.smein.sk\/socialna-fobia\/","headline":"Soci\u00e1lna f\u00f3bia","url":"https:\/\/www.smein.sk\/socialna-fobia\/","datePublished":"2019-11-12","dateModified":"2023-04-28","mainEntityOfPage":"https:\/\/www.smein.sk\/socialna-fobia\/","author":{"@type":"Person","@id":"https:\/\/www.smein.sk\/author\/#Person","name":"","url":"https:\/\/www.smein.sk\/author\/","identifier":1,"image":{"@type":"ImageObject","@id":"https:\/\/secure.gravatar.com\/avatar\/16435f0a6c9262449b9ebb39f63178cd65c54b09f931b6f84682f48086e3d763?s=96&d=mm&r=g","url":"https:\/\/secure.gravatar.com\/avatar\/16435f0a6c9262449b9ebb39f63178cd65c54b09f931b6f84682f48086e3d763?s=96&d=mm&r=g","height":96,"width":96}},"publisher":{"@type":"Organization","name":"smein.sk","logo":{"@type":"ImageObject","@id":"\/logo.png","url":"\/logo.png","width":600,"height":60}},"image":{"@type":"ImageObject","@id":"https:\/\/www.smein.sk\/wp-content\/uploads\/img_a303672_w16838_t1564221910.jpg","url":"https:\/\/www.smein.sk\/wp-content\/uploads\/img_a303672_w16838_t1564221910.jpg","height":0,"width":0},"keywords":null},{"@type":"Article","@id":"https:\/\/www.smein.sk\/prekvapenie-v-podobe-dvoch-ciarok\/","headline":"Prekvapenie v podobe dvoch \u010diarok","url":"https:\/\/www.smein.sk\/prekvapenie-v-podobe-dvoch-ciarok\/","datePublished":"2019-09-22","dateModified":"2023-04-28","mainEntityOfPage":"https:\/\/www.smein.sk\/prekvapenie-v-podobe-dvoch-ciarok\/","author":{"@type":"Person","@id":"https:\/\/www.smein.sk\/author\/#Person","name":"","url":"https:\/\/www.smein.sk\/author\/","identifier":1,"image":{"@type":"ImageObject","@id":"https:\/\/secure.gravatar.com\/avatar\/16435f0a6c9262449b9ebb39f63178cd65c54b09f931b6f84682f48086e3d763?s=96&d=mm&r=g","url":"https:\/\/secure.gravatar.com\/avatar\/16435f0a6c9262449b9ebb39f63178cd65c54b09f931b6f84682f48086e3d763?s=96&d=mm&r=g","height":96,"width":96}},"publisher":{"@type":"Organization","name":"smein.sk","logo":{"@type":"ImageObject","@id":"\/logo.png","url":"\/logo.png","width":600,"height":60}},"image":{"@type":"ImageObject","@id":"https:\/\/www.smein.sk\/wp-content\/uploads\/img_a306361_w16782_t1568827422.jpg","url":"https:\/\/www.smein.sk\/wp-content\/uploads\/img_a306361_w16782_t1568827422.jpg","height":0,"width":0},"keywords":null},{"@type":"Article","@id":"https:\/\/www.smein.sk\/nebyt-feministkou-je-trestne\/","headline":"Neby\u0165 feministkou je trestn\u00e9?","url":"https:\/\/www.smein.sk\/nebyt-feministkou-je-trestne\/","datePublished":"2019-09-17","dateModified":"2023-04-28","mainEntityOfPage":"https:\/\/www.smein.sk\/nebyt-feministkou-je-trestne\/","author":{"@type":"Person","@id":"https:\/\/www.smein.sk\/author\/#Person","name":"","url":"https:\/\/www.smein.sk\/author\/","identifier":1,"image":{"@type":"ImageObject","@id":"https:\/\/secure.gravatar.com\/avatar\/16435f0a6c9262449b9ebb39f63178cd65c54b09f931b6f84682f48086e3d763?s=96&d=mm&r=g","url":"https:\/\/secure.gravatar.com\/avatar\/16435f0a6c9262449b9ebb39f63178cd65c54b09f931b6f84682f48086e3d763?s=96&d=mm&r=g","height":96,"width":96}},"publisher":{"@type":"Organization","name":"smein.sk","logo":{"@type":"ImageObject","@id":"\/logo.png","url":"\/logo.png","width":600,"height":60}},"image":{"@type":"ImageObject","@id":"https:\/\/www.smein.sk\/wp-content\/uploads\/img_a306628_w16782_t1569079769.jpg","url":"https:\/\/www.smein.sk\/wp-content\/uploads\/img_a306628_w16782_t1569079769.jpg","height":0,"width":0},"keywords":null},{"@type":"Article","@id":"https:\/\/www.smein.sk\/opuch-dolnych-koncatin-treba-riesit-vcas\/","headline":"Opuch doln\u00fdch kon\u010dat\u00edn treba rie\u0161i\u0165 v\u010das","url":"https:\/\/www.smein.sk\/opuch-dolnych-koncatin-treba-riesit-vcas\/","datePublished":"2019-06-04","dateModified":"2023-04-28","mainEntityOfPage":"https:\/\/www.smein.sk\/opuch-dolnych-koncatin-treba-riesit-vcas\/","author":{"@type":"Person","@id":"https:\/\/www.smein.sk\/author\/#Person","name":"","url":"https:\/\/www.smein.sk\/author\/","identifier":1,"image":{"@type":"ImageObject","@id":"https:\/\/secure.gravatar.com\/avatar\/16435f0a6c9262449b9ebb39f63178cd65c54b09f931b6f84682f48086e3d763?s=96&d=mm&r=g","url":"https:\/\/secure.gravatar.com\/avatar\/16435f0a6c9262449b9ebb39f63178cd65c54b09f931b6f84682f48086e3d763?s=96&d=mm&r=g","height":96,"width":96}},"publisher":{"@type":"Organization","name":"smein.sk","logo":{"@type":"ImageObject","@id":"\/logo.png","url":"\/logo.png","width":600,"height":60}},"image":{"@type":"ImageObject","@id":"https:\/\/www.smein.sk\/wp-content\/uploads\/img_a304293_w16659_t1565025742.jpg","url":"https:\/\/www.smein.sk\/wp-content\/uploads\/img_a304293_w16659_t1565025742.jpg","height":0,"width":0},"keywords":null},{"@type":"Article","@id":"https:\/\/www.smein.sk\/tri-ritualy-pre-krasne-nohy\/","headline":"Tri ritu\u00e1ly pre kr\u00e1sne nohy","url":"https:\/\/www.smein.sk\/tri-ritualy-pre-krasne-nohy\/","datePublished":"2018-12-12","dateModified":"2023-04-28","mainEntityOfPage":"https:\/\/www.smein.sk\/tri-ritualy-pre-krasne-nohy\/","author":{"@type":"Person","@id":"https:\/\/www.smein.sk\/author\/#Person","name":"","url":"https:\/\/www.smein.sk\/author\/","identifier":1,"image":{"@type":"ImageObject","@id":"https:\/\/secure.gravatar.com\/avatar\/16435f0a6c9262449b9ebb39f63178cd65c54b09f931b6f84682f48086e3d763?s=96&d=mm&r=g","url":"https:\/\/secure.gravatar.com\/avatar\/16435f0a6c9262449b9ebb39f63178cd65c54b09f931b6f84682f48086e3d763?s=96&d=mm&r=g","height":96,"width":96}},"publisher":{"@type":"Organization","name":"smein.sk","logo":{"@type":"ImageObject","@id":"\/logo.png","url":"\/logo.png","width":600,"height":60}},"image":{"@type":"ImageObject","@id":"https:\/\/www.smein.sk\/wp-content\/uploads\/img_a296825_w16648_t1549995852.jpg","url":"https:\/\/www.smein.sk\/wp-content\/uploads\/img_a296825_w16648_t1549995852.jpg","height":0,"width":0},"keywords":null},{"@type":"Article","@id":"https:\/\/www.smein.sk\/ovulacne-bolesti\/","headline":"Ovula\u010dn\u00e9 bolesti","url":"https:\/\/www.smein.sk\/ovulacne-bolesti\/","datePublished":"2018-11-21","dateModified":"2023-04-28","mainEntityOfPage":"https:\/\/www.smein.sk\/ovulacne-bolesti\/","author":{"@type":"Person","@id":"https:\/\/www.smein.sk\/author\/#Person","name":"","url":"https:\/\/www.smein.sk\/author\/","identifier":1,"image":{"@type":"ImageObject","@id":"https:\/\/secure.gravatar.com\/avatar\/16435f0a6c9262449b9ebb39f63178cd65c54b09f931b6f84682f48086e3d763?s=96&d=mm&r=g","url":"https:\/\/secure.gravatar.com\/avatar\/16435f0a6c9262449b9ebb39f63178cd65c54b09f931b6f84682f48086e3d763?s=96&d=mm&r=g","height":96,"width":96}},"publisher":{"@type":"Organization","name":"smein.sk","logo":{"@type":"ImageObject","@id":"\/logo.png","url":"\/logo.png","width":600,"height":60}},"image":{"@type":"ImageObject","@id":"https:\/\/www.smein.sk\/wp-content\/uploads\/img_a295930_w16782_t1548091591.jpg","url":"https:\/\/www.smein.sk\/wp-content\/uploads\/img_a295930_w16782_t1548091591.jpg","height":0,"width":0},"keywords":null},{"@type":"Article","@id":"https:\/\/www.smein.sk\/kazda-zena-by-mala-vediet-tieto-veci-o-sebaobrane\/","headline":"Ka\u017ed\u00e1 \u017eena by mala vedie\u0165 tieto veci o sebaobrane","url":"https:\/\/www.smein.sk\/kazda-zena-by-mala-vediet-tieto-veci-o-sebaobrane\/","datePublished":"2018-07-21","dateModified":"2023-04-28","mainEntityOfPage":"https:\/\/www.smein.sk\/kazda-zena-by-mala-vediet-tieto-veci-o-sebaobrane\/","author":{"@type":"Person","@id":"https:\/\/www.smein.sk\/author\/#Person","name":"","url":"https:\/\/www.smein.sk\/author\/","identifier":1,"image":{"@type":"ImageObject","@id":"https:\/\/secure.gravatar.com\/avatar\/16435f0a6c9262449b9ebb39f63178cd65c54b09f931b6f84682f48086e3d763?s=96&d=mm&r=g","url":"https:\/\/secure.gravatar.com\/avatar\/16435f0a6c9262449b9ebb39f63178cd65c54b09f931b6f84682f48086e3d763?s=96&d=mm&r=g","height":96,"width":96}},"publisher":{"@type":"Organization","name":"smein.sk","logo":{"@type":"ImageObject","@id":"\/logo.png","url":"\/logo.png","width":600,"height":60}},"image":{"@type":"ImageObject","@id":"https:\/\/www.smein.sk\/wp-content\/uploads\/img_a291331_w16624_t1537544885.jpg","url":"https:\/\/www.smein.sk\/wp-content\/uploads\/img_a291331_w16624_t1537544885.jpg","height":0,"width":0},"keywords":null},{"@type":"Article","@id":"https:\/\/www.smein.sk\/ako-zistit-ci-nerandim-s-rozpravkarom\/","headline":"Ako zisti\u0165, \u010di nerand\u00edm s rozpr\u00e1vkarom?","url":"https:\/\/www.smein.sk\/ako-zistit-ci-nerandim-s-rozpravkarom\/","datePublished":"2017-09-22","dateModified":"2023-04-28","mainEntityOfPage":"https:\/\/www.smein.sk\/ako-zistit-ci-nerandim-s-rozpravkarom\/","author":{"@type":"Person","@id":"https:\/\/www.smein.sk\/author\/#Person","name":"","url":"https:\/\/www.smein.sk\/author\/","identifier":1,"image":{"@type":"ImageObject","@id":"https:\/\/secure.gravatar.com\/avatar\/16435f0a6c9262449b9ebb39f63178cd65c54b09f931b6f84682f48086e3d763?s=96&d=mm&r=g","url":"https:\/\/secure.gravatar.com\/avatar\/16435f0a6c9262449b9ebb39f63178cd65c54b09f931b6f84682f48086e3d763?s=96&d=mm&r=g","height":96,"width":96}},"publisher":{"@type":"Organization","name":"smein.sk","logo":{"@type":"ImageObject","@id":"\/logo.png","url":"\/logo.png","width":600,"height":60}},"image":{"@type":"ImageObject","@id":"https:\/\/www.smein.sk\/wp-content\/uploads\/img_a283379_w16508_t1511375521.jpg","url":"https:\/\/www.smein.sk\/wp-content\/uploads\/img_a283379_w16508_t1511375521.jpg","height":0,"width":0},"keywords":null}]}